{"id":250,"date":"2023-09-14T13:39:42","date_gmt":"2023-09-14T13:39:42","guid":{"rendered":"https:\/\/camaraavare.sp.gov.br\/atividades\/?p=250"},"modified":"2024-06-24T10:48:28","modified_gmt":"2024-06-24T13:48:28","slug":"processo-seletivo-ciee-2023","status":"publish","type":"post","link":"https:\/\/camaraavare.sp.gov.br\/atividades\/index.php\/2023\/09\/14\/processo-seletivo-ciee-2023\/","title":{"rendered":"Processo Seletivo CIEE 2023"},"content":{"rendered":"\n<figure class=\"wp-block-image size-large\"><img decoding=\"async\" src=\"https:\/\/www.camaraavare.sp.gov.br\/materias\/1605094336.jpg\" alt=\"\"\/><\/figure>\n\n\n\n<p>O&nbsp; Centro&nbsp; de&nbsp; Integra\u00e7\u00e3o&nbsp; Empresa&nbsp; Escola&nbsp; \u2013&nbsp; CIEE&nbsp; e&nbsp; a&nbsp; C\u00e2mara&nbsp; de Vereadores da Est\u00e2ncia &nbsp;Tur\u00edstica &nbsp;de &nbsp;Avar\u00e9 &nbsp;em &nbsp;conformidade &nbsp;com &nbsp;a &nbsp;Lei &nbsp;n.\u00ba &nbsp;11.788\/08,&nbsp; torna p\u00fablica&nbsp; a&nbsp; realiza\u00e7\u00e3o&nbsp; de&nbsp;&nbsp; processo&nbsp; seletivo&nbsp; por&nbsp; prova&nbsp; on-line&nbsp; para&nbsp; forma\u00e7\u00e3o&nbsp; de cadastro reserva para est\u00e1gio, conforme quadro de vagas:<\/p>\n\n\n\n<p>O&nbsp; processo&nbsp; seletivo&nbsp; destina-se&nbsp; \u00e0&nbsp; forma\u00e7\u00e3o&nbsp; do <strong>cadastro de reserva para Estagi\u00e1rios(as)<\/strong>, para alunos(as) matriculados(as) nos seguintes cursos, <strong>a partir do 2\u00b0semestre no ato da inscri\u00e7\u00e3o<\/strong>:<\/p>\n\n\n\n<figure class=\"wp-block-table\"><table><tbody><tr><td>&nbsp; <strong>Cursos &#8211; N\u00edvel Superior<\/strong><\/td><td>&nbsp; <strong>Vagas<\/strong><\/td><\/tr><tr><td>&nbsp; An\u00e1lise &nbsp;e Desenvolvimento de Sistemas<\/td><td>&nbsp; Cadastro Reserva<\/td><\/tr><tr><td>&nbsp;Comunica\u00e7\u00e3o Social, Jornalismo, Publicidade e Propaganda<\/td><td>&nbsp; Cadastro Reserva<\/td><\/tr><tr><td>&nbsp; Ci\u00eancias Cont\u00e1beis<\/td><td>&nbsp; Cadastro Reserva<\/td><\/tr><tr><td>&nbsp; Direito<\/td><td>&nbsp; Cadastro Reserva<\/td><\/tr><\/tbody><\/table><\/figure>\n\n\n\n<p>Sobre as vagas:<\/p>\n\n\n\n<ul class=\"wp-block-list\">\n<li>30 (trinta) horas semanais, n\u00e3o excedendo 06 (seis) horas di\u00e1rias.<\/li>\n\n\n\n<li>Bolsa Aux\u00edlio: R$ 1.100,00 mensais<\/li>\n\n\n\n<li>Aux\u00edlio Transporte Corresponder\u00e1 a R$65,00 mensais.<\/li>\n<\/ul>\n\n\n\n<p>Inscri\u00e7\u00f5es:&nbsp;<strong>de 21\/09\/2023 at\u00e9 12h (hor\u00e1rio de Bras\u00edlia) do dia 09\/10\/2023<\/strong>,&nbsp;&nbsp;<a href=\"https:\/\/pp.ciee.org.br\/vitrine\/processos-seletivos\/publico\">no site do CIEE<\/a><\/p>\n\n\n\n<p><\/p>\n\n\n\n<p>20\/06\/2024 &#8211; <a href=\"https:\/\/camaraavare.sp.gov.br\/editais\/convocacao07_ciee2023.pdf\">Convoca\u00e7\u00e3o 07<\/a><\/p>\n\n\n\n<p>18\/06\/2024 &#8211; <a href=\"https:\/\/camaraavare.sp.gov.br\/editais\/convocacao06_ciee2023.pdf\">Convoca\u00e7\u00e3o 06<\/a><\/p>\n\n\n\n<p>10\/06\/2024 &#8211; <a href=\"https:\/\/camaraavare.sp.gov.br\/editais\/convocacao05_ciee2023.pdf\">Convoca\u00e7\u00e3o 05<\/a><\/p>\n\n\n\n<p>12\/12\/2023 &#8211; <a href=\"https:\/\/camaraavare.sp.gov.br\/editais\/convocacao04_ciee2023.pdf\">Convoca\u00e7\u00e3o 04<\/a><\/p>\n\n\n\n<p>08\/12\/2023 &#8211; <a href=\"https:\/\/camaraavare.sp.gov.br\/editais\/convocacao03_ciee2023.pdf\">Convoca\u00e7\u00e3o 03<\/a><\/p>\n\n\n\n<p>01\/12\/2023 &#8211; <a href=\"https:\/\/camaraavare.sp.gov.br\/editais\/convocacao02_ciee2023.pdf\">Convoca\u00e7\u00e3o 02<\/a><\/p>\n\n\n\n<p>09\/11\/2023 &#8211; <a href=\"https:\/\/camaraavare.sp.gov.br\/editais\/convocacao01_ciee2023.pdf\">Convoca\u00e7\u00e3o<\/a><\/p>\n\n\n\n<p>08\/11\/2023 &#8211; <a href=\"https:\/\/camaraavare.sp.gov.br\/editais\/homologacao_ciee2023.pdf\">Homologa\u00e7\u00e3o<\/a><\/p>\n\n\n\n<p>08\/11\/2023 &#8211; <a rel=\"noreferrer noopener\" href=\"https:\/\/camaraavare.sp.gov.br\/editais\/classificacaodefinitiva_ciee2023.pdf\" target=\"_blank\">Classifica\u00e7\u00e3o definitiva<\/a><\/p>\n\n\n\n<p>30\/10\/2023 &#8211; <a href=\"https:\/\/camaraavare.sp.gov.br\/editais\/classificacaoprovisoria_ciee2023.pdf\">Classifica\u00e7\u00e3o provis\u00f3ria<\/a><\/p>\n\n\n\n<p>Para mais informa\u00e7\u00f5es, veja o&nbsp;<a href=\"https:\/\/camaraavare.sp.gov.br\/editais\/edital_ciee2023.pdf\">Edital Completo do Processo Seletivo<\/a>.<\/p>\n","protected":false},"excerpt":{"rendered":"<p>O&nbsp; Centro&nbsp; de&nbsp; Integra\u00e7\u00e3o&nbsp; Empresa&nbsp; Escola&nbsp; \u2013&nbsp; CIEE&nbsp; e&nbsp; a&nbsp; C\u00e2mara&nbsp; de Vereadores da Est\u00e2ncia &nbsp;Tur\u00edstica &nbsp;de &nbsp;Avar\u00e9 &nbsp;em &nbsp;conformidade &nbsp;com &nbsp;a &nbsp;Lei &nbsp;n.\u00ba &nbsp;11.788\/08,&nbsp; torna p\u00fablica&nbsp; a&nbsp; realiza\u00e7\u00e3o&nbsp; de&nbsp;&nbsp; processo&nbsp; seletivo&nbsp; por&nbsp; prova&nbsp; on-line&nbsp; para&nbsp; forma\u00e7\u00e3o&nbsp; de cadastro reserva para est\u00e1gio, conforme quadro de vagas: O&nbsp; processo&nbsp; seletivo&nbsp; destina-se&nbsp; \u00e0&nbsp; forma\u00e7\u00e3o&nbsp; do cadastro de [&hellip;]<\/p>\n","protected":false},"author":1,"featured_media":0,"comment_status":"closed","ping_status":"open","sticky":false,"template":"","format":"standard","meta":{"footnotes":""},"categories":[3],"tags":[],"class_list":["post-250","post","type-post","status-publish","format-standard","hentry","category-processos-seletivos"],"_links":{"self":[{"href":"https:\/\/camaraavare.sp.gov.br\/atividades\/index.php\/wp-json\/wp\/v2\/posts\/250","targetHints":{"allow":["GET"]}}],"collection":[{"href":"https:\/\/camaraavare.sp.gov.br\/atividades\/index.php\/wp-json\/wp\/v2\/posts"}],"about":[{"href":"https:\/\/camaraavare.sp.gov.br\/atividades\/index.php\/wp-json\/wp\/v2\/types\/post"}],"author":[{"embeddable":true,"href":"https:\/\/camaraavare.sp.gov.br\/atividades\/index.php\/wp-json\/wp\/v2\/users\/1"}],"replies":[{"embeddable":true,"href":"https:\/\/camaraavare.sp.gov.br\/atividades\/index.php\/wp-json\/wp\/v2\/comments?post=250"}],"version-history":[{"count":14,"href":"https:\/\/camaraavare.sp.gov.br\/atividades\/index.php\/wp-json\/wp\/v2\/posts\/250\/revisions"}],"predecessor-version":[{"id":305,"href":"https:\/\/camaraavare.sp.gov.br\/atividades\/index.php\/wp-json\/wp\/v2\/posts\/250\/revisions\/305"}],"wp:attachment":[{"href":"https:\/\/camaraavare.sp.gov.br\/atividades\/index.php\/wp-json\/wp\/v2\/media?parent=250"}],"wp:term":[{"taxonomy":"category","embeddable":true,"href":"https:\/\/camaraavare.sp.gov.br\/atividades\/index.php\/wp-json\/wp\/v2\/categories?post=250"},{"taxonomy":"post_tag","embeddable":true,"href":"https:\/\/camaraavare.sp.gov.br\/atividades\/index.php\/wp-json\/wp\/v2\/tags?post=250"}],"curies":[{"name":"wp","href":"https:\/\/api.w.org\/{rel}","templated":true}]}}